{"id":9179,"date":"2026-07-08T12:04:28","date_gmt":"2026-07-08T12:04:28","guid":{"rendered":"http:\/\/www.grupocer.com.uy\/site\/?p=9179"},"modified":"2026-07-10T12:04:29","modified_gmt":"2026-07-10T12:04:29","slug":"najwiekszy-portal-dotyczacy-boksu-to-home-zawodowy-boks-w-polsce-oraz-na-calym-swiecie","status":"publish","type":"post","link":"http:\/\/www.grupocer.com.uy\/site\/najwiekszy-portal-dotyczacy-boksu-to-home-zawodowy-boks-w-polsce-oraz-na-calym-swiecie\/","title":{"rendered":"Najwi\u0119kszy portal dotycz\u0105cy boksu to Home. Zawodowy boks w Polsce oraz na ca\u0142ym \u015bwiecie."},"content":{"rendered":"<p>Tak, Aleks by\u0142 wprowadzony w b\u0142\u0105d przez tat\u0119. Masz dziesi\u0119ciu koleg\u00f3w na boisku (ale w ringu pozostajesz sam), bez wsparcia. Je\u015bli boisz si\u0119 wej\u015bcia do ringu, to p\u00f3\u017aniej obawiasz si\u0119 podejmowania ryzyka w trakcie walki. 22 lutego 2020 roku przegra\u0142 z Tysonem Furym, kt\u00f3ry wtedy zdoby\u0142 tytu\u0142 mistrza \u015bwiata tej organizacji.<\/p>\n<p>By\u0142y mistrz \u015bwiata wagi ci\u0119\u017ckiej opublikowa\u0142 w mediach spo\u0142eczno\u015bciowych zdj\u0119cie z promotorem Alexem Krassyukiem. <!--more--> Mariusz Wach niedawno walczy\u0142 z trzema rywalami na gali PRIME MMA, a teraz jego rywalem b\u0119dzie Tyson Fury! Niewiarygodne, to naprawd\u0119 si\u0119 dzieje!<\/p>\n<p>Po gongu rozpoczynaj\u0105cym sz\u00f3st\u0105 rund\u0119 (lekarz ringowy uzna\u0142), \u017ce pretendent nie jest w stanie kontynuowa\u0107 walki, wi\u0119c zosta\u0142a przerwana w zaledwie pierwszej sekundzie. W czwartej rundzie Charlo ponownie zepchn\u0105\u0142 rywala na mat\u0119, mimo \u017ce s\u0119dzia pocz\u0105tkowo tego nie uzna\u0142 za nokdaun. Od drugiej rundy zacz\u0105\u0142 odwa\u017cniej u\u017cywa\u0107 prawej r\u0119ki, a rzeczywista ofensywa mia\u0142a miejsce w trzeciej rundzie, gdy pot\u0119\u017cny prawy sierpowy powali\u0142 LaMann\u0119 po raz pierwszy. Charlo stosowa\u0142 jab, rozgrzewaj\u0105c si\u0119 po d\u0142ugiej przerwie od ringu i badaj\u0105c swojego przeciwnika. To by\u0142 jedynie drugi wyst\u0119p 35-letniego Amerykanina od 2021 roku.<\/p>\n<h2>Wiadomo\u015bci bokserskie<\/h2>\n<p><img src=\"https:\/\/ecsmedia.pl\/c\/rekawice-bokserskie-rival-rs11v-black-waga-16-oz-p-iext150444272.jpg\" alt=\"wczorajsz\u0105 walka bokserska\" style=\"padding: 0px;\" align=\"right\" border=\"0\"\/><\/p>\n<p>Na mistrzostwach Europy odpad\u0142em w p\u00f3\u0142finale z silnym Ukrai\u0144cem. Rok ten by\u0142 dla mnie niezwykle s\u0142aby. W ostatnim roku swoich wyst\u0119p\u00f3w w juniorach zdoby\u0142e\u015b tytu\u0142 mistrza <a href=\"https:\/\/wolnapuszcza.pl\/\">boks<\/a> Europy. Nie jeste\u015b tym obci\u0105\u017cony \u2014 poniewa\u017c nie jeste\u015b rezultatem jednej filozofii trenerskiej ani jednego systemu szkolenia. To w\u0142a\u015bnie charakteryzuje tych zawodnik\u00f3w \u2014 mistrz\u00f3w.<\/p>\n<p>32-latek m\u00f3wi, \u017ce nie ma \u017cadnych powa\u017cnych kontuzji. Doping dodaje ci si\u0142y w ringu \u2014 cz\u0142owiek zapomina o wszystkim.<\/p>\n<h2>Po raz pierwszy CARRINGTON obroni\u0142 tytu\u0142 WBC.<\/h2>\n<p>Nie za bardzo chc\u0119 por\u00f3wnywa\u0107 si\u0119 do nich, bo nie jestem nimi. Przyszed\u0142 z ni\u017cszej kategorii, blokowa\u0142 niemal ka\u017cdy cios rywala i oddawa\u0142 mu w\u0142a\u015bciwie w tym samym momencie. To s\u0105 zawodnicy, kt\u00f3rzy bardzo du\u017co my\u015bl\u0105 w ringu. A m\u00f3j brat Borys ju\u017c od sz\u00f3stego roku \u017cycia robi ze mn\u0105 tarcz\u0119. Przez d\u0142ugi czas by\u0142o tak, \u017ce przyszli pi\u0119\u015bciarze pierwszy kontakt z boksem mieli w wieku szesnastu, siedemnastu lat. Nie ka\u017cdy z ch\u0142opak\u00f3w ma z\u0142oto, ale dzi\u015b zaczyna si\u0119 boksowa\u0107 wcze\u015bniej ni\u017c kiedy\u015b.<\/p>\n<p><img src=\"https:\/\/s9.tvp.pl\/images2\/9\/9\/f\/uid_99f8a349be6e45d982d51aa89be06b1d_width_362_play_0_pos_0_gs_0_height_208.jpg\" alt=\"mma news\" border=\"0\" align=\"right\" style=\"padding: 0px;\"\/><\/p>\n<p>O\u0142eksandr Usyk straci\u0142 tytu\u0142 mistrza \u015bwiata wagi ci\u0119\u017ckiej federacji IBF, WBA oraz WBC. Niedawno Amerykanin by\u0142 rozwa\u017cany jako przeciwnik dla Dawida Awanesjana. Ortiz stoczy\u0142 w tym roku dwie walki, pokonuj\u0105c Egidijusa Kavaliauskasa oraz Maurycego Hookera.<\/p>\n<h2>Kto b\u0119dzie ostatnim przeciwnikiem O\u0142eksandra Usyka?<\/h2>\n<p>I w tym samym roku zdoby\u0142em wicemistrzostwo Europy. Wcze\u015bniej nam si\u0119 nie uk\u0142ada\u0142o, a wtedy po raz pierwszy zobaczy\u0142em, \u017ce we mnie wierzy. Czu\u0142em si\u0119 obci\u0105\u017cony psychicznie (m\u00f3wi\u0142em), \u017ce chc\u0119 na chwil\u0119 odpu\u015bci\u0107, odpocz\u0105\u0107. Musia\u0142em pogodzi\u0107 si\u0119 z tym, \u017ce jestem rok w plecy i nauczy\u0107 si\u0119 na b\u0142\u0119dach. &#8220;Masz ten rok do ty\u0142u, we\u017a si\u0119 w ko\u0144cu ogarnij cz\u0142owieku&#8221;, wbi\u0142em sobie do g\u0142owy. Wstydzi\u0142em si\u0119 tego, ale dzisiaj uwa\u017cam, \u017ce by\u0142o mi to potrzebne.<\/p>\n<p>Po odebraniu tymczasowego pasa WBC wszystkie emocje opu\u015bci\u0142y go i rozp\u0142aka\u0142 si\u0119 na \u015brodku ringu!<\/p>\n<p>To mnie umacnia, ale te\u017c wiem, \u017ce w takim wymiarze nie sparujemy na sto procent. Wiem (\u017ce wej\u015bcie do senior\u00f3w nie jest \u0142atwe), ale strasznie chc\u0119 spr\u00f3bowa\u0107 seniorskiego boksu. B\u0119dzie te\u017c wi\u0119ksze ryzyko \u2014 ale ja chc\u0119 jak najwi\u0119cej wyzwa\u0144. Ale na medal olimpijski w boksie m\u0119\u017cczyzn czekamy od 1992 roku. Ja wiem, po co to robi\u0119, musz\u0119 si\u0119 rozwija\u0107 i na pewno si\u0119 rozwijam. To znaczy, nie wiem, co musia\u0142oby si\u0119 sta\u0107, \u017ceby mi odbi\u0142o.<\/p>\n","protected":false},"excerpt":{"rendered":"<p>Tak, Aleks by\u0142 wprowadzony w b\u0142\u0105d przez tat\u0119. Masz dziesi\u0119ciu koleg\u00f3w na boisku (ale w ringu pozostajesz sam), bez wsparcia. Je\u015bli boisz si\u0119 wej\u015bcia do ringu, to p\u00f3\u017aniej obawiasz si\u0119 podejmowania ryzyka w trakcie walki. 22 lutego 2020 roku przegra\u0142 z Tysonem Furym, kt\u00f3ry wtedy zdoby\u0142 tytu\u0142 mistrza \u015bwiata tej organizacji. By\u0142y mistrz \u015bwiata wagi [&hellip;]<\/p>\n","protected":false},"author":1,"featured_media":0,"comment_status":"closed","ping_status":"closed","sticky":false,"template":"","format":"standard","meta":{"_et_pb_use_builder":"","_et_pb_old_content":"","_et_gb_content_width":""},"categories":[1],"tags":[],"_links":{"self":[{"href":"http:\/\/www.grupocer.com.uy\/site\/wp-json\/wp\/v2\/posts\/9179"}],"collection":[{"href":"http:\/\/www.grupocer.com.uy\/site\/wp-json\/wp\/v2\/posts"}],"about":[{"href":"http:\/\/www.grupocer.com.uy\/site\/wp-json\/wp\/v2\/types\/post"}],"author":[{"embeddable":true,"href":"http:\/\/www.grupocer.com.uy\/site\/wp-json\/wp\/v2\/users\/1"}],"replies":[{"embeddable":true,"href":"http:\/\/www.grupocer.com.uy\/site\/wp-json\/wp\/v2\/comments?post=9179"}],"version-history":[{"count":1,"href":"http:\/\/www.grupocer.com.uy\/site\/wp-json\/wp\/v2\/posts\/9179\/revisions"}],"predecessor-version":[{"id":9180,"href":"http:\/\/www.grupocer.com.uy\/site\/wp-json\/wp\/v2\/posts\/9179\/revisions\/9180"}],"wp:attachment":[{"href":"http:\/\/www.grupocer.com.uy\/site\/wp-json\/wp\/v2\/media?parent=9179"}],"wp:term":[{"taxonomy":"category","embeddable":true,"href":"http:\/\/www.grupocer.com.uy\/site\/wp-json\/wp\/v2\/categories?post=9179"},{"taxonomy":"post_tag","embeddable":true,"href":"http:\/\/www.grupocer.com.uy\/site\/wp-json\/wp\/v2\/tags?post=9179"}],"curies":[{"name":"wp","href":"https:\/\/api.w.org\/{rel}","templated":true}]}}